{"id":477,"date":"2020-08-29T14:53:25","date_gmt":"2020-08-29T12:53:25","guid":{"rendered":"http:\/\/ossolin.pl\/?p=477"},"modified":"2020-08-29T14:53:43","modified_gmt":"2020-08-29T12:53:43","slug":"procedury-bezpieczenstwa-w-czasie-pandemii-covid-19","status":"publish","type":"post","link":"http:\/\/ossolin.pl\/?p=477","title":{"rendered":"Procedury bezpiecze\u0144stwa w czasie pandemii COVID-19"},"content":{"rendered":"<p><strong>Procedury funkcjonowania Szko\u0142y Podstawowej w Ossolinie w czasie epidemii (od 1 wrze\u015bnia 2020r.)<\/strong><\/p>\n<p>&nbsp;<\/p>\n<p><strong>Opiekunowie\/Rodzice<\/strong><\/p>\n<p><strong>&nbsp;<\/strong><\/p>\n<ol>\n<li>Uczniowie mog\u0105 by\u0107 przyprowadzani do szko\u0142y i odbierani z niej przez opiekun\u00f3w bez objaw\u00f3w chorobowych sugeruj\u0105cych infekcj\u0119 g\u00f3rnych dr\u00f3g oddechowych. W drodze do i ze szko\u0142y uczniowie i opiekunowie przestrzegaj\u0105 aktualnych przepis\u00f3w prawa dotycz\u0105cych zachowania w przestrzeni publicznej.<\/li>\n<li>Opiekunowie odprowadzaj\u0105cy dzieci mog\u0105 wchodzi\u0107 do przestrzeni wsp\u00f3lnej szko\u0142y (korytarze) zachowuj\u0105c zasady:<\/li>\n<li>a) 1 opiekun z dzieckiem (dzie\u0107mi)<\/li>\n<li>b) nale\u017cy zachowa\u0107 dystans od kolejnego opiekuna z dzieckiem min. 1,5 m oraz dystans od pracownik\u00f3w szko\u0142y min. 1,5 m<\/li>\n<li>c) opiekunowie powinni stosowa\u0107 \u015brodki ochrony osobistej: os\u0142ona ust i nosa, r\u0119kawiczki jednorazowe lub obowi\u0105zkowa dezynfekcja r\u0105k.<\/li>\n<li>d) Opiekunowie po przekazaniu dziecka pracownikowi szko\u0142y nie mog\u0105 w niej przebywa\u0107 ( wszystkie sprawy za\u0142atwiane b\u0119d\u0105 drog\u0105 telefoniczn\u0105).<\/li>\n<\/ol>\n<p>&nbsp;<\/p>\n<p>Uczniowie<\/p>\n<ol>\n<li>Do szko\u0142y mo\u017ce ucz\u0119szcza\u0107 ucze\u0144 bez objaw\u00f3w chorobowych sugeruj\u0105cych infekcj\u0119 g\u00f3rnych dr\u00f3g oddechowych oraz gdy domownicy nie przebywaj\u0105 na kwarantannie lub w izolacji w warunkach domowych.<\/li>\n<li>Uczniowie poszczeg\u00f3lnych klas przychodz\u0105 do szko\u0142y w odst\u0119pach czasowych (min. 5 minut mi\u0119dzy poszczeg\u00f3lnymi grupami) i korzystaj\u0105 z dw\u00f3ch wej\u015b\u0107:<\/li>\n<li>a) oddzia\u0142 przedszkolny, klasy I \u2013 II wchodz\u0105 wej\u015bciem z lewej strony budynku szko\u0142y<\/li>\n<li>b) klasy III \u2013 VIII wchodz\u0105 wej\u015bciem na wprost od boiska ( dawn\u0105 bibliotek\u0119)<\/li>\n<li>Przy wej\u015bciu do szko\u0142y nauczyciele pe\u0142ni\u0105cy dy\u017cur i wychowawcy (za zgod\u0105 rodzic\u00f3w) mierz\u0105 uczniom temperatur\u0119 termometrem bezdotykowym stosuj\u0105c \u015brodki ochrony osobistej, termometry s\u0105 dezynfekowane po u\u017cyciu w ka\u017cdej grupie uczni\u00f3w.<\/li>\n<li>Po wej\u015bciu do szko\u0142y ucze\u0144 musi niezw\u0142ocznie umy\u0107 r\u0119ce myd\u0142em w p\u0142ynie.<\/li>\n<li>W szatni uczniowie korzystaj\u0105 tylko ze swojej osobistej szafki.<\/li>\n<li>Ka\u017cdy ucze\u0144 posiada w\u0142asne przybory i podr\u0119czniki, kt\u00f3re w czasie zaj\u0119\u0107 mog\u0105 znajdowa\u0107 si\u0119 na stoliku szkolnym, w tornistrze lub szafce. Uczniowie nie mog\u0105 wymienia\u0107 si\u0119 przyborami szkolnymi mi\u0119dzy sob\u0105 i nie zabieraj\u0105 do szko\u0142y niepotrzebnych przedmiot\u00f3w.<\/li>\n<li>Zaj\u0119cia poszczeg\u00f3lnych klas odbywaj\u0105 si\u0119 w miar\u0119 mo\u017cliwo\u015bci w tych samych salach (w razie konieczno\u015bci zmiany sali, jest ona wcze\u015bniej zdezynfekowana i przewietrzona).<\/li>\n<li>W czasie przerw uczniowie nie mog\u0105 gromadzi\u0107 si\u0119 na korytarzu, pod opiek\u0105 nauczycieli wychodz\u0105 grupami na \u015bwie\u017ce powietrze i boisko szkolne.<\/li>\n<li>Biblioteka czynna jest dwa razy w tygodniu. Uczniowie wchodz\u0105 do biblioteki pojedynczo. Przy oddawaniu ksi\u0105\u017cek do biblioteki musi by\u0107 zachowany okres 2 dni kwarantanny.<\/li>\n<\/ol>\n<p>&nbsp;<\/p>\n<p>Higiena, dezynfekcja pomieszcze\u0144 i powierzchni<\/p>\n<p>&nbsp;<\/p>\n<ol>\n<li>Sale lekcyjne i cz\u0119\u015bci wsp\u00f3lne (korytarze) nale\u017cy wietrzy\u0107 co najmniej raz na godzin\u0119, w czasie przerw oraz w razie potrzeby w czasie zaj\u0119\u0107.<\/li>\n<li>U\u017cywany sprz\u0119t sportowy jest myty detergentem i i dezynfekowany po ka\u017cdym dniu zaj\u0119\u0107.<\/li>\n<li>Po ka\u017cdym dniu zaj\u0119\u0107 sale lekcyjne, pomieszczenia sanitarno=higieniczne, ci\u0105gi komunikacyjne oraz powierzchnie dotykowe \u2013 por\u0119cze, klamki i powierzchnie p\u0142askie (w tym blaty w salach, klawiatury i w\u0142\u0105czniki) musz\u0105 by\u0107 dok\u0142adnie wyczyszczone, zdezynfekowane, a nast\u0119pnie wywietrzone.<\/li>\n<\/ol>\n<p>&nbsp;<\/p>\n<p>Gastronomia<\/p>\n<p>&nbsp;<\/p>\n<ol>\n<li>Posi\u0142ki dla dzieci przywo\u017cone s\u0105 przez firm\u0119 cateringow\u0105 w jednorazowych, pojedynczych pojemnikach razem z jednorazowymi sztu\u0107cami.<\/li>\n<li>Obiady wydawane s\u0105 dla ka\u017cdej klasy oddzielnie przez wyznaczon\u0105 osob\u0119.<\/li>\n<li>Uczniowie spo\u017cywaj\u0105 posi\u0142ki w salach lekcyjnych pod opiek\u0105 nauczyciela.<\/li>\n<li>Zu\u017cyte pojemniki i sztu\u0107ce s\u0105 segregowane i wyrzucane do wyznaczonych koszy.<\/li>\n<\/ol>\n<p>&nbsp;<\/p>\n<p>Post\u0119powanie w przypadku podejrzenia zaka\u017cenia<\/p>\n<p>&nbsp;<\/p>\n<p>&nbsp;<\/p>\n<ol>\n<li>Je\u017celi pracownik szko\u0142y zauwa\u017cy u ucznia objawy mog\u0105ce wskazywa\u0107 na infekcj\u0119 g\u00f3rnych dr\u00f3g oddechowych, w szczeg\u00f3lno\u015bci kaszel, gor\u0105czk\u0119 musi niezw\u0142ocznie odizolowa\u0107 ucznia w odr\u0119bnym pomieszczeniu wyposa\u017conym w \u015brodki ochrony osobistej zapewniaj\u0105c min. 2 m odleg\u0142o\u015bci od innych os\u00f3b, a nast\u0119pnie niezw\u0142ocznie powiadomi\u0107 rodzic\u00f3w\/opiekun\u00f3w o konieczno\u015bci odebrania dziecka ze szko\u0142y.<\/li>\n<li>Obszar, w kt\u00f3rym przebywa\u0142 ucze\u0144 poddawany jest gruntownemu sprz\u0105taniu oraz zdezynfekowany wraz z powierzchniami dotykowymi (klamki, por\u0119cze, uchwyty itd.)<\/li>\n<li>Do pracy w szkole mog\u0105 przychodzi\u0107 jedynie osoby bez objaw\u00f3w chorobowych sugeruj\u0105cych infekcje g\u00f3rnych dr\u00f3g oddechowych oraz gdy domownicy nie przebywaj\u0105 na kwarantannie lub w izolacji.<\/li>\n<li>W przypadku wyst\u0105pienia niepokoj\u0105cych objaw\u00f3w u pracownika b\u0119d\u0105cego na stanowisku pracy powinien on skontaktowa\u0107 si\u0119 telefonicznie z lekarzem podstawowej opieki zdrowotnej, a w razie pogarszania stanu zdrowia zadzwoni\u0107 pod nr 999 lub 112 i poinformowa\u0107, \u017ce mo\u017ce by\u0107 zaka\u017cony koronawirusem.<\/li>\n<li>Obszar, w kt\u00f3rym porusza\u0142 si\u0119 i przebywa\u0142 pracownik z infekcj\u0105 dr\u00f3g oddechowych musi by\u0107 niezw\u0142ocznie poddany gruntownemu sprz\u0105taniu oraz dezynfekcji.<\/li>\n<\/ol>\n","protected":false},"excerpt":{"rendered":"<p>Procedury funkcjonowania Szko\u0142y Podstawowej w Ossolinie w czasie epidemii (od 1 wrze\u015bnia 2020r.) &nbsp; Opiekunowie\/Rodzice &nbsp; Uczniowie mog\u0105 by\u0107 przyprowadzani [&hellip;]<\/p>\n","protected":false},"author":2,"featured_media":478,"comment_status":"open","ping_status":"open","sticky":false,"template":"","format":"standard","meta":{"footnotes":""},"categories":[5],"tags":[],"class_list":["post-477","post","type-post","status-publish","format-standard","has-post-thumbnail","hentry","category-aktualnosci"],"_links":{"self":[{"href":"http:\/\/ossolin.pl\/index.php?rest_route=\/wp\/v2\/posts\/477","targetHints":{"allow":["GET"]}}],"collection":[{"href":"http:\/\/ossolin.pl\/index.php?rest_route=\/wp\/v2\/posts"}],"about":[{"href":"http:\/\/ossolin.pl\/index.php?rest_route=\/wp\/v2\/types\/post"}],"author":[{"embeddable":true,"href":"http:\/\/ossolin.pl\/index.php?rest_route=\/wp\/v2\/users\/2"}],"replies":[{"embeddable":true,"href":"http:\/\/ossolin.pl\/index.php?rest_route=%2Fwp%2Fv2%2Fcomments&post=477"}],"version-history":[{"count":2,"href":"http:\/\/ossolin.pl\/index.php?rest_route=\/wp\/v2\/posts\/477\/revisions"}],"predecessor-version":[{"id":480,"href":"http:\/\/ossolin.pl\/index.php?rest_route=\/wp\/v2\/posts\/477\/revisions\/480"}],"wp:featuredmedia":[{"embeddable":true,"href":"http:\/\/ossolin.pl\/index.php?rest_route=\/wp\/v2\/media\/478"}],"wp:attachment":[{"href":"http:\/\/ossolin.pl\/index.php?rest_route=%2Fwp%2Fv2%2Fmedia&parent=477"}],"wp:term":[{"taxonomy":"category","embeddable":true,"href":"http:\/\/ossolin.pl\/index.php?rest_route=%2Fwp%2Fv2%2Fcategories&post=477"},{"taxonomy":"post_tag","embeddable":true,"href":"http:\/\/ossolin.pl\/index.php?rest_route=%2Fwp%2Fv2%2Ftags&post=477"}],"curies":[{"name":"wp","href":"https:\/\/api.w.org\/{rel}","templated":true}]}}